{"id":14987,"date":"2022-05-25T20:20:28","date_gmt":"2022-05-25T20:20:28","guid":{"rendered":"https:\/\/peseklaw.com\/blog\/?p=14987"},"modified":"2024-02-16T17:35:09","modified_gmt":"2024-02-16T17:35:09","slug":"felicidades-karen-pesek-por-el-reconocimiento-como-outstanding-alumni","status":"publish","type":"post","link":"https:\/\/peseklaw.com\/blog\/felicidades-karen-pesek-por-el-reconocimiento-como-outstanding-alumni\/","title":{"rendered":"\u00a1Felicidades Karen Pesek por el reconocimiento como Outstanding Alumni!"},"content":{"rendered":"<p>Felicitamos a nuestra directora de Finanzas, <strong>Karen Pesek<\/strong>, por ser reconocida como <strong>Outstanding Alumni<\/strong> en la ceremonia de graduaci\u00f3n del Central Community College (CCC) del 2022.<\/p>\n<p><strong>Karen<\/strong> comenz\u00f3 su carrera universitaria en CCC en Columbus en el a\u00f1o 2003, obteniendo su t\u00edtulo de Asociado de Negocios en el 2005. Karen fue reconocida como ex-alumna distinguida por sus logros profesionales y servicio comunitario, en los cuales destacan la fundaci\u00f3n del programa de becas True Potential, por medio del cual m\u00e1s de 150 estudiantes inmigrantes has logrado asistir a colegios comunitarios de Nebraska y Iowa.<\/p>\n<p><strong>Karen <\/strong>cree que graduarse de la universidad con deudas m\u00ednimas es uno de los mejores regalos que un estudiante se puede dar a s\u00ed mismo.<\/p>\n<p><strong>Karen<\/strong> tuvo la oportunidad de dar el discurso de graduaci\u00f3n en la ceremonia que se llev\u00f3 a cabo el viernes 13 de Mayo en Columbus, NE. Ella dice que lo m\u00e1s maravilloso fue poder ver a dos estudiantes de True Potential graduarse ese mismo d\u00eda.<\/p>\n<p>Mar\u00eda Espino Ar\u00e9valo de Columbus recibi\u00f3 su diploma para continuar sus estudios de Enfermer\u00eda y Roxana Galdamez, de Schuyler, recibi\u00f3 su t\u00edtulo de Asociado en Ciencias.<\/p>\n<p><iframe loading=\"lazy\" width=\"100%\" height=\"450\" src=\"https:\/\/www.youtube.com\/embed\/ZC0E9COapUY\" title=\"YouTube video player\" frameborder=\"0\" allow=\"accelerometer; autoplay; clipboard-write; encrypted-media; gyroscope; picture-in-picture\" allowfullscreen><\/iframe><\/p>\n<p>Da <a href=\"https:\/\/youtu.be\/ZC0E9COapUY\" target=\"_blank\" rel=\"noopener noreferrer\">click aqu\u00ed<\/a> para ver el discurso de Karen en esta ceremonia de graduaci\u00f3n.   \u00a1Felicidades Karen!!<\/p>\n<p>&nbsp;<\/p>\n<p>&nbsp;<\/p>\n<div id='gallery-1' class='gallery galleryid-14987 gallery-columns-4 gallery-size-large'><figure class='gallery-item'>\n\t\t\t<div class='gallery-icon portrait'>\n\t\t\t\t<a href='https:\/\/peseklaw.com\/blog\/wp-content\/uploads\/2022\/05\/felicidades-karen-pesek-reconocimiento-outstanding-alumni-01.jpeg'><img loading=\"lazy\" decoding=\"async\" width=\"762\" height=\"1024\" src=\"https:\/\/peseklaw.com\/blog\/wp-content\/uploads\/2022\/05\/felicidades-karen-pesek-reconocimiento-outstanding-alumni-01-762x1024.jpeg\" class=\"attachment-large size-large\" alt=\"Pesek Law\" srcset=\"https:\/\/peseklaw.com\/blog\/wp-content\/uploads\/2022\/05\/felicidades-karen-pesek-reconocimiento-outstanding-alumni-01-762x1024.jpeg 762w, https:\/\/peseklaw.com\/blog\/wp-content\/uploads\/2022\/05\/felicidades-karen-pesek-reconocimiento-outstanding-alumni-01-223x300.jpeg 223w, https:\/\/peseklaw.com\/blog\/wp-content\/uploads\/2022\/05\/felicidades-karen-pesek-reconocimiento-outstanding-alumni-01-768x1032.jpeg 768w, https:\/\/peseklaw.com\/blog\/wp-content\/uploads\/2022\/05\/felicidades-karen-pesek-reconocimiento-outstanding-alumni-01-1140x1532.jpeg 1140w, https:\/\/peseklaw.com\/blog\/wp-content\/uploads\/2022\/05\/felicidades-karen-pesek-reconocimiento-outstanding-alumni-01-555x746.jpeg 555w, https:\/\/peseklaw.com\/blog\/wp-content\/uploads\/2022\/05\/felicidades-karen-pesek-reconocimiento-outstanding-alumni-01-360x484.jpeg 360w, https:\/\/peseklaw.com\/blog\/wp-content\/uploads\/2022\/05\/felicidades-karen-pesek-reconocimiento-outstanding-alumni-01-262x352.jpeg 262w, https:\/\/peseklaw.com\/blog\/wp-content\/uploads\/2022\/05\/felicidades-karen-pesek-reconocimiento-outstanding-alumni-01.jpeg 1488w\" sizes=\"(max-width: 762px) 100vw, 762px\" \/><\/a>\n\t\t\t<\/div><\/figure><figure class='gallery-item'>\n\t\t\t<div class='gallery-icon portrait'>\n\t\t\t\t<a href='https:\/\/peseklaw.com\/blog\/wp-content\/uploads\/2022\/05\/felicidades-karen-pesek-reconocimiento-outstanding-alumni-02.jpeg'><img loading=\"lazy\" decoding=\"async\" width=\"768\" height=\"1024\" src=\"https:\/\/peseklaw.com\/blog\/wp-content\/uploads\/2022\/05\/felicidades-karen-pesek-reconocimiento-outstanding-alumni-02-768x1024.jpeg\" class=\"attachment-large size-large\" alt=\"Pesek Law\" srcset=\"https:\/\/peseklaw.com\/blog\/wp-content\/uploads\/2022\/05\/felicidades-karen-pesek-reconocimiento-outstanding-alumni-02-768x1024.jpeg 768w, https:\/\/peseklaw.com\/blog\/wp-content\/uploads\/2022\/05\/felicidades-karen-pesek-reconocimiento-outstanding-alumni-02-225x300.jpeg 225w, https:\/\/peseklaw.com\/blog\/wp-content\/uploads\/2022\/05\/felicidades-karen-pesek-reconocimiento-outstanding-alumni-02-1140x1520.jpeg 1140w, https:\/\/peseklaw.com\/blog\/wp-content\/uploads\/2022\/05\/felicidades-karen-pesek-reconocimiento-outstanding-alumni-02-555x740.jpeg 555w, https:\/\/peseklaw.com\/blog\/wp-content\/uploads\/2022\/05\/felicidades-karen-pesek-reconocimiento-outstanding-alumni-02-360x480.jpeg 360w, https:\/\/peseklaw.com\/blog\/wp-content\/uploads\/2022\/05\/felicidades-karen-pesek-reconocimiento-outstanding-alumni-02-262x349.jpeg 262w, https:\/\/peseklaw.com\/blog\/wp-content\/uploads\/2022\/05\/felicidades-karen-pesek-reconocimiento-outstanding-alumni-02.jpeg 1200w\" sizes=\"(max-width: 768px) 100vw, 768px\" \/><\/a>\n\t\t\t<\/div><\/figure><figure class='gallery-item'>\n\t\t\t<div class='gallery-icon landscape'>\n\t\t\t\t<a href='https:\/\/peseklaw.com\/blog\/wp-content\/uploads\/2022\/05\/felicidades-karen-pesek-reconocimiento-outstanding-alumni-03.jpeg'><img loading=\"lazy\" decoding=\"async\" width=\"1024\" height=\"714\" src=\"https:\/\/peseklaw.com\/blog\/wp-content\/uploads\/2022\/05\/felicidades-karen-pesek-reconocimiento-outstanding-alumni-03-1024x714.jpeg\" class=\"attachment-large size-large\" alt=\"Pesek Law\" srcset=\"https:\/\/peseklaw.com\/blog\/wp-content\/uploads\/2022\/05\/felicidades-karen-pesek-reconocimiento-outstanding-alumni-03-1024x714.jpeg 1024w, https:\/\/peseklaw.com\/blog\/wp-content\/uploads\/2022\/05\/felicidades-karen-pesek-reconocimiento-outstanding-alumni-03-300x209.jpeg 300w, https:\/\/peseklaw.com\/blog\/wp-content\/uploads\/2022\/05\/felicidades-karen-pesek-reconocimiento-outstanding-alumni-03-768x536.jpeg 768w, https:\/\/peseklaw.com\/blog\/wp-content\/uploads\/2022\/05\/felicidades-karen-pesek-reconocimiento-outstanding-alumni-03-1140x795.jpeg 1140w, https:\/\/peseklaw.com\/blog\/wp-content\/uploads\/2022\/05\/felicidades-karen-pesek-reconocimiento-outstanding-alumni-03-555x387.jpeg 555w, https:\/\/peseklaw.com\/blog\/wp-content\/uploads\/2022\/05\/felicidades-karen-pesek-reconocimiento-outstanding-alumni-03-360x251.jpeg 360w, https:\/\/peseklaw.com\/blog\/wp-content\/uploads\/2022\/05\/felicidades-karen-pesek-reconocimiento-outstanding-alumni-03-262x183.jpeg 262w, https:\/\/peseklaw.com\/blog\/wp-content\/uploads\/2022\/05\/felicidades-karen-pesek-reconocimiento-outstanding-alumni-03.jpeg 1512w\" sizes=\"(max-width: 1024px) 100vw, 1024px\" \/><\/a>\n\t\t\t<\/div><\/figure><figure class='gallery-item'>\n\t\t\t<div class='gallery-icon landscape'>\n\t\t\t\t<a href='https:\/\/peseklaw.com\/blog\/wp-content\/uploads\/2022\/05\/felicidades-karen-pesek-reconocimiento-outstanding-alumni-04.jpeg'><img loading=\"lazy\" decoding=\"async\" width=\"1024\" height=\"768\" src=\"https:\/\/peseklaw.com\/blog\/wp-content\/uploads\/2022\/05\/felicidades-karen-pesek-reconocimiento-outstanding-alumni-04-1024x768.jpeg\" class=\"attachment-large size-large\" alt=\"Pesek Law\" srcset=\"https:\/\/peseklaw.com\/blog\/wp-content\/uploads\/2022\/05\/felicidades-karen-pesek-reconocimiento-outstanding-alumni-04-1024x768.jpeg 1024w, https:\/\/peseklaw.com\/blog\/wp-content\/uploads\/2022\/05\/felicidades-karen-pesek-reconocimiento-outstanding-alumni-04-300x225.jpeg 300w, https:\/\/peseklaw.com\/blog\/wp-content\/uploads\/2022\/05\/felicidades-karen-pesek-reconocimiento-outstanding-alumni-04-768x576.jpeg 768w, https:\/\/peseklaw.com\/blog\/wp-content\/uploads\/2022\/05\/felicidades-karen-pesek-reconocimiento-outstanding-alumni-04-1140x855.jpeg 1140w, https:\/\/peseklaw.com\/blog\/wp-content\/uploads\/2022\/05\/felicidades-karen-pesek-reconocimiento-outstanding-alumni-04-555x416.jpeg 555w, https:\/\/peseklaw.com\/blog\/wp-content\/uploads\/2022\/05\/felicidades-karen-pesek-reconocimiento-outstanding-alumni-04-360x270.jpeg 360w, https:\/\/peseklaw.com\/blog\/wp-content\/uploads\/2022\/05\/felicidades-karen-pesek-reconocimiento-outstanding-alumni-04-262x197.jpeg 262w, https:\/\/peseklaw.com\/blog\/wp-content\/uploads\/2022\/05\/felicidades-karen-pesek-reconocimiento-outstanding-alumni-04.jpeg 1600w\" sizes=\"(max-width: 1024px) 100vw, 1024px\" \/><\/a>\n\t\t\t<\/div><\/figure>\n\t\t<\/div>\n\n","protected":false},"excerpt":{"rendered":"<p>Felicitamos a nuestra directora de Finanzas, Karen Pesek, por ser reconocida como Outstanding Alumni en la ceremonia de graduaci\u00f3n del Central Community College (CCC) del 2022. Karen comenz\u00f3 su carrera universitaria en CCC en Columbus en el a\u00f1o 2003, obteniendo su t\u00edtulo de Asociado de Negocios en el 2005. Karen fue reconocida como ex-alumna distinguida&#8230;<\/p>\n","protected":false},"author":5,"featured_media":14988,"comment_status":"closed","ping_status":"closed","sticky":false,"template":"","format":"standard","meta":{"footnotes":""},"categories":[128],"tags":[],"yoast_head":"<!-- This site is optimized with the Yoast SEO plugin v23.5 - https:\/\/yoast.com\/wordpress\/plugins\/seo\/ -->\n<title>\u00a1Felicidades Karen Pesek por el reconocimiento como Outstanding Alumni!<\/title>\n<meta name=\"description\" content=\"Felicitamos a nuestra directora de Finanzas, Karen Pesek, por ser reconocida como Outstanding Alumni en la ceremonia de graduaci\u00f3n del CCC\" \/>\n<meta name=\"robots\" content=\"index, follow, max-snippet:-1, max-image-preview:large, max-video-preview:-1\" \/>\n<link rel=\"canonical\" href=\"https:\/\/peseklaw.com\/blog\/felicidades-karen-pesek-por-el-reconocimiento-como-outstanding-alumni\/\" \/>\n<meta property=\"og:locale\" content=\"es_ES\" \/>\n<meta property=\"og:type\" content=\"article\" \/>\n<meta property=\"og:title\" content=\"\u00a1Felicidades Karen Pesek por el reconocimiento como Outstanding Alumni!\" \/>\n<meta property=\"og:description\" content=\"Felicitamos a nuestra directora de Finanzas, Karen Pesek, por ser reconocida como Outstanding Alumni en la ceremonia de graduaci\u00f3n del CCC\" \/>\n<meta property=\"og:url\" content=\"https:\/\/peseklaw.com\/blog\/felicidades-karen-pesek-por-el-reconocimiento-como-outstanding-alumni\/\" \/>\n<meta property=\"og:site_name\" content=\"Pesek Law LLC\" \/>\n<meta property=\"article:publisher\" content=\"https:\/\/www.facebook.com\/PesekLaw\/\" \/>\n<meta property=\"article:published_time\" content=\"2022-05-25T20:20:28+00:00\" \/>\n<meta property=\"article:modified_time\" content=\"2024-02-16T17:35:09+00:00\" \/>\n<meta property=\"og:image\" content=\"https:\/\/peseklaw.com\/blog\/wp-content\/uploads\/2022\/05\/felicidades-karen-pesek-reconocimiento-outstanding-alumni-og.jpg\" \/>\n\t<meta property=\"og:image:width\" content=\"1200\" \/>\n\t<meta property=\"og:image:height\" content=\"630\" \/>\n\t<meta property=\"og:image:type\" content=\"image\/jpeg\" \/>\n<meta name=\"author\" content=\"Pesek Law\" \/>\n<meta name=\"twitter:card\" content=\"summary_large_image\" \/>\n<meta name=\"twitter:title\" content=\"\u00a1Felicidades Karen Pesek por el reconocimiento como Outstanding Alumni!\" \/>\n<meta name=\"twitter:description\" content=\"Felicitamos a nuestra directora de Finanzas, Karen Pesek, por ser reconocida como Outstanding Alumni en la ceremonia de graduaci\u00f3n del CCC\" \/>\n<meta name=\"twitter:image\" content=\"https:\/\/peseklaw.com\/blog\/wp-content\/uploads\/2022\/05\/felicidades-karen-pesek-reconocimiento-outstanding-alumni-og.jpg\" \/>\n<meta name=\"twitter:creator\" content=\"@peseklaw\" \/>\n<meta name=\"twitter:site\" content=\"@peseklaw\" \/>\n<meta name=\"twitter:label1\" content=\"Escrito por\" \/>\n\t<meta name=\"twitter:data1\" content=\"Pesek Law\" \/>\n\t<meta name=\"twitter:label2\" content=\"Tiempo de lectura\" \/>\n\t<meta name=\"twitter:data2\" content=\"1 minuto\" \/>\n<script type=\"application\/ld+json\" class=\"yoast-schema-graph\">{\"@context\":\"https:\/\/schema.org\",\"@graph\":[{\"@type\":\"WebPage\",\"@id\":\"https:\/\/peseklaw.com\/blog\/felicidades-karen-pesek-por-el-reconocimiento-como-outstanding-alumni\/\",\"url\":\"https:\/\/peseklaw.com\/blog\/felicidades-karen-pesek-por-el-reconocimiento-como-outstanding-alumni\/\",\"name\":\"\u00a1Felicidades Karen Pesek por el reconocimiento como Outstanding Alumni!\",\"isPartOf\":{\"@id\":\"https:\/\/peseklaw.com\/blog\/#website\"},\"primaryImageOfPage\":{\"@id\":\"https:\/\/peseklaw.com\/blog\/felicidades-karen-pesek-por-el-reconocimiento-como-outstanding-alumni\/#primaryimage\"},\"image\":{\"@id\":\"https:\/\/peseklaw.com\/blog\/felicidades-karen-pesek-por-el-reconocimiento-como-outstanding-alumni\/#primaryimage\"},\"thumbnailUrl\":\"https:\/\/peseklaw.com\/blog\/wp-content\/uploads\/2022\/05\/felicidades-karen-pesek-reconocimiento-outstanding-alumni-blog.jpg\",\"datePublished\":\"2022-05-25T20:20:28+00:00\",\"dateModified\":\"2024-02-16T17:35:09+00:00\",\"author\":{\"@id\":\"https:\/\/peseklaw.com\/blog\/#\/schema\/person\/92efa64845aa79570095ea9502dc7478\"},\"description\":\"Felicitamos a nuestra directora de Finanzas, Karen Pesek, por ser reconocida como Outstanding Alumni en la ceremonia de graduaci\u00f3n del CCC\",\"breadcrumb\":{\"@id\":\"https:\/\/peseklaw.com\/blog\/felicidades-karen-pesek-por-el-reconocimiento-como-outstanding-alumni\/#breadcrumb\"},\"inLanguage\":\"es\",\"potentialAction\":[{\"@type\":\"ReadAction\",\"target\":[\"https:\/\/peseklaw.com\/blog\/felicidades-karen-pesek-por-el-reconocimiento-como-outstanding-alumni\/\"]}]},{\"@type\":\"ImageObject\",\"inLanguage\":\"es\",\"@id\":\"https:\/\/peseklaw.com\/blog\/felicidades-karen-pesek-por-el-reconocimiento-como-outstanding-alumni\/#primaryimage\",\"url\":\"https:\/\/peseklaw.com\/blog\/wp-content\/uploads\/2022\/05\/felicidades-karen-pesek-reconocimiento-outstanding-alumni-blog.jpg\",\"contentUrl\":\"https:\/\/peseklaw.com\/blog\/wp-content\/uploads\/2022\/05\/felicidades-karen-pesek-reconocimiento-outstanding-alumni-blog.jpg\",\"width\":800,\"height\":600,\"caption\":\"\u00a1Felicidades Karen Pesek por el reconocimiento como Outstanding Alumni!\"},{\"@type\":\"BreadcrumbList\",\"@id\":\"https:\/\/peseklaw.com\/blog\/felicidades-karen-pesek-por-el-reconocimiento-como-outstanding-alumni\/#breadcrumb\",\"itemListElement\":[{\"@type\":\"ListItem\",\"position\":1,\"name\":\"Portada\",\"item\":\"https:\/\/peseklaw.com\/blog\/\"},{\"@type\":\"ListItem\",\"position\":2,\"name\":\"\u00a1Felicidades Karen Pesek por el reconocimiento como Outstanding Alumni!\"}]},{\"@type\":\"WebSite\",\"@id\":\"https:\/\/peseklaw.com\/blog\/#website\",\"url\":\"https:\/\/peseklaw.com\/blog\/\",\"name\":\"Pesek Law LLC\",\"description\":\"Abogados de accidentes en Omaha, Nebraska y Iowa\",\"potentialAction\":[{\"@type\":\"SearchAction\",\"target\":{\"@type\":\"EntryPoint\",\"urlTemplate\":\"https:\/\/peseklaw.com\/blog\/?s={search_term_string}\"},\"query-input\":{\"@type\":\"PropertyValueSpecification\",\"valueRequired\":true,\"valueName\":\"search_term_string\"}}],\"inLanguage\":\"es\"},{\"@type\":\"Person\",\"@id\":\"https:\/\/peseklaw.com\/blog\/#\/schema\/person\/92efa64845aa79570095ea9502dc7478\",\"name\":\"Pesek Law\",\"image\":{\"@type\":\"ImageObject\",\"inLanguage\":\"es\",\"@id\":\"https:\/\/peseklaw.com\/blog\/#\/schema\/person\/image\/\",\"url\":\"https:\/\/secure.gravatar.com\/avatar\/7e768046e3fe757329f831099b217cef?s=96&d=mm&r=g\",\"contentUrl\":\"https:\/\/secure.gravatar.com\/avatar\/7e768046e3fe757329f831099b217cef?s=96&d=mm&r=g\",\"caption\":\"Pesek Law\"}}]}<\/script>\n<!-- \/ Yoast SEO plugin. -->","yoast_head_json":{"title":"\u00a1Felicidades Karen Pesek por el reconocimiento como Outstanding Alumni!","description":"Felicitamos a nuestra directora de Finanzas, Karen Pesek, por ser reconocida como Outstanding Alumni en la ceremonia de graduaci\u00f3n del CCC","robots":{"index":"index","follow":"follow","max-snippet":"max-snippet:-1","max-image-preview":"max-image-preview:large","max-video-preview":"max-video-preview:-1"},"canonical":"https:\/\/peseklaw.com\/blog\/felicidades-karen-pesek-por-el-reconocimiento-como-outstanding-alumni\/","og_locale":"es_ES","og_type":"article","og_title":"\u00a1Felicidades Karen Pesek por el reconocimiento como Outstanding Alumni!","og_description":"Felicitamos a nuestra directora de Finanzas, Karen Pesek, por ser reconocida como Outstanding Alumni en la ceremonia de graduaci\u00f3n del CCC","og_url":"https:\/\/peseklaw.com\/blog\/felicidades-karen-pesek-por-el-reconocimiento-como-outstanding-alumni\/","og_site_name":"Pesek Law LLC","article_publisher":"https:\/\/www.facebook.com\/PesekLaw\/","article_published_time":"2022-05-25T20:20:28+00:00","article_modified_time":"2024-02-16T17:35:09+00:00","og_image":[{"width":1200,"height":630,"url":"https:\/\/peseklaw.com\/blog\/wp-content\/uploads\/2022\/05\/felicidades-karen-pesek-reconocimiento-outstanding-alumni-og.jpg","type":"image\/jpeg"}],"author":"Pesek Law","twitter_card":"summary_large_image","twitter_title":"\u00a1Felicidades Karen Pesek por el reconocimiento como Outstanding Alumni!","twitter_description":"Felicitamos a nuestra directora de Finanzas, Karen Pesek, por ser reconocida como Outstanding Alumni en la ceremonia de graduaci\u00f3n del CCC","twitter_image":"https:\/\/peseklaw.com\/blog\/wp-content\/uploads\/2022\/05\/felicidades-karen-pesek-reconocimiento-outstanding-alumni-og.jpg","twitter_creator":"@peseklaw","twitter_site":"@peseklaw","twitter_misc":{"Escrito por":"Pesek Law","Tiempo de lectura":"1 minuto"},"schema":{"@context":"https:\/\/schema.org","@graph":[{"@type":"WebPage","@id":"https:\/\/peseklaw.com\/blog\/felicidades-karen-pesek-por-el-reconocimiento-como-outstanding-alumni\/","url":"https:\/\/peseklaw.com\/blog\/felicidades-karen-pesek-por-el-reconocimiento-como-outstanding-alumni\/","name":"\u00a1Felicidades Karen Pesek por el reconocimiento como Outstanding Alumni!","isPartOf":{"@id":"https:\/\/peseklaw.com\/blog\/#website"},"primaryImageOfPage":{"@id":"https:\/\/peseklaw.com\/blog\/felicidades-karen-pesek-por-el-reconocimiento-como-outstanding-alumni\/#primaryimage"},"image":{"@id":"https:\/\/peseklaw.com\/blog\/felicidades-karen-pesek-por-el-reconocimiento-como-outstanding-alumni\/#primaryimage"},"thumbnailUrl":"https:\/\/peseklaw.com\/blog\/wp-content\/uploads\/2022\/05\/felicidades-karen-pesek-reconocimiento-outstanding-alumni-blog.jpg","datePublished":"2022-05-25T20:20:28+00:00","dateModified":"2024-02-16T17:35:09+00:00","author":{"@id":"https:\/\/peseklaw.com\/blog\/#\/schema\/person\/92efa64845aa79570095ea9502dc7478"},"description":"Felicitamos a nuestra directora de Finanzas, Karen Pesek, por ser reconocida como Outstanding Alumni en la ceremonia de graduaci\u00f3n del CCC","breadcrumb":{"@id":"https:\/\/peseklaw.com\/blog\/felicidades-karen-pesek-por-el-reconocimiento-como-outstanding-alumni\/#breadcrumb"},"inLanguage":"es","potentialAction":[{"@type":"ReadAction","target":["https:\/\/peseklaw.com\/blog\/felicidades-karen-pesek-por-el-reconocimiento-como-outstanding-alumni\/"]}]},{"@type":"ImageObject","inLanguage":"es","@id":"https:\/\/peseklaw.com\/blog\/felicidades-karen-pesek-por-el-reconocimiento-como-outstanding-alumni\/#primaryimage","url":"https:\/\/peseklaw.com\/blog\/wp-content\/uploads\/2022\/05\/felicidades-karen-pesek-reconocimiento-outstanding-alumni-blog.jpg","contentUrl":"https:\/\/peseklaw.com\/blog\/wp-content\/uploads\/2022\/05\/felicidades-karen-pesek-reconocimiento-outstanding-alumni-blog.jpg","width":800,"height":600,"caption":"\u00a1Felicidades Karen Pesek por el reconocimiento como Outstanding Alumni!"},{"@type":"BreadcrumbList","@id":"https:\/\/peseklaw.com\/blog\/felicidades-karen-pesek-por-el-reconocimiento-como-outstanding-alumni\/#breadcrumb","itemListElement":[{"@type":"ListItem","position":1,"name":"Portada","item":"https:\/\/peseklaw.com\/blog\/"},{"@type":"ListItem","position":2,"name":"\u00a1Felicidades Karen Pesek por el reconocimiento como Outstanding Alumni!"}]},{"@type":"WebSite","@id":"https:\/\/peseklaw.com\/blog\/#website","url":"https:\/\/peseklaw.com\/blog\/","name":"Pesek Law LLC","description":"Abogados de accidentes en Omaha, Nebraska y Iowa","potentialAction":[{"@type":"SearchAction","target":{"@type":"EntryPoint","urlTemplate":"https:\/\/peseklaw.com\/blog\/?s={search_term_string}"},"query-input":{"@type":"PropertyValueSpecification","valueRequired":true,"valueName":"search_term_string"}}],"inLanguage":"es"},{"@type":"Person","@id":"https:\/\/peseklaw.com\/blog\/#\/schema\/person\/92efa64845aa79570095ea9502dc7478","name":"Pesek Law","image":{"@type":"ImageObject","inLanguage":"es","@id":"https:\/\/peseklaw.com\/blog\/#\/schema\/person\/image\/","url":"https:\/\/secure.gravatar.com\/avatar\/7e768046e3fe757329f831099b217cef?s=96&d=mm&r=g","contentUrl":"https:\/\/secure.gravatar.com\/avatar\/7e768046e3fe757329f831099b217cef?s=96&d=mm&r=g","caption":"Pesek Law"}}]}},"_links":{"self":[{"href":"https:\/\/peseklaw.com\/blog\/wp-json\/wp\/v2\/posts\/14987"}],"collection":[{"href":"https:\/\/peseklaw.com\/blog\/wp-json\/wp\/v2\/posts"}],"about":[{"href":"https:\/\/peseklaw.com\/blog\/wp-json\/wp\/v2\/types\/post"}],"author":[{"embeddable":true,"href":"https:\/\/peseklaw.com\/blog\/wp-json\/wp\/v2\/users\/5"}],"replies":[{"embeddable":true,"href":"https:\/\/peseklaw.com\/blog\/wp-json\/wp\/v2\/comments?post=14987"}],"version-history":[{"count":4,"href":"https:\/\/peseklaw.com\/blog\/wp-json\/wp\/v2\/posts\/14987\/revisions"}],"predecessor-version":[{"id":14997,"href":"https:\/\/peseklaw.com\/blog\/wp-json\/wp\/v2\/posts\/14987\/revisions\/14997"}],"wp:featuredmedia":[{"embeddable":true,"href":"https:\/\/peseklaw.com\/blog\/wp-json\/wp\/v2\/media\/14988"}],"wp:attachment":[{"href":"https:\/\/peseklaw.com\/blog\/wp-json\/wp\/v2\/media?parent=14987"}],"wp:term":[{"taxonomy":"category","embeddable":true,"href":"https:\/\/peseklaw.com\/blog\/wp-json\/wp\/v2\/categories?post=14987"},{"taxonomy":"post_tag","embeddable":true,"href":"https:\/\/peseklaw.com\/blog\/wp-json\/wp\/v2\/tags?post=14987"}],"curies":[{"name":"wp","href":"https:\/\/api.w.org\/{rel}","templated":true}]}}