{"id":15051,"date":"2022-11-29T16:15:47","date_gmt":"2022-11-29T16:15:47","guid":{"rendered":"https:\/\/peseklaw.com\/blog\/?p=15051"},"modified":"2024-02-16T17:34:14","modified_gmt":"2024-02-16T17:34:14","slug":"karen-corral-de-pesek-nombrada-mujer-del-mes-por-la-revista-vida-social","status":"publish","type":"post","link":"https:\/\/peseklaw.com\/blog\/karen-corral-de-pesek-nombrada-mujer-del-mes-por-la-revista-vida-social\/","title":{"rendered":"Karen Corral de Pesek, nombrada Mujer del Mes, por la revista Vida Social"},"content":{"rendered":"<p>\u00a1Con mucho orgullo les compartimos que nuestra Directora de Finanzas, Karen Pesek, fue nombrada como Mujer del Mes, por la revista <strong>Vida Social<\/strong> en su edici\u00f3n del mes de noviembre por su magn\u00edfica labor comunitaria!<!--more--><\/p>\n<p>Entre sus labores comunitarias m\u00e1s destacadas, la <strong>revista Vida Social<\/strong>, menciona sus actividades como:<\/p>\n<p>Co-fundadora del programa de <strong>Becas True Potential<\/strong> \u2013 Programa que se enfoca en crear oportunidades para j\u00f3venes inmigrantes de <strong>Nebraska y Iowa<\/strong> para asistir a clases en colegios comunitarios. Este programa ha recaudado cientos de miles de d\u00f3lares desde su establecimiento.<br \/>\nCoordinadora de Voluntarios para el Distrito de Mejoramiento Comercial del Sur de Omaha, que incluye el corredor comercial de la calle 24 Sur, en la cual, Karen ha ayudado a organizar d\u00edas de siembra cada primavera, para embellecer el paisaje urbano y los espacios p\u00fablicos del distrito comercial, en colaboraci\u00f3n con numerosas organizaciones como el Nebraska Arboretum y voluntarios dela comunidad.<br \/>\nTambi\u00e9n se desempe\u00f1a en varias mesas directivas de organizaciones sin fines de lucro locales, como: Metropolitan Community College Foundation, Matters on Tomorrow, Urban Abbey, Centro Comunitario del Pueblo y Girls Inc. Nebraska. <\/p>\n<p>Enhorabuena por este reconocimiento! De igual manera en Pesek Law queremos felicitar a Oswell Reza, quien fue nombrado Hombre del Mes en la misma edici\u00f3n de la revista Vida Social. Se le reconoce su compromiso con la audiencia de radio hispanohablante y estamos orgullosos de advocar a su lado por nuestra comunidad en Omaha. \u00a1Felicidades!<\/p>\n<p>Visita el art\u00edculo escrito por la revista haciendo  <\/p>\n<p>\u00a1Felicidades Karen!<\/p>\n","protected":false},"excerpt":{"rendered":"<p>\u00a1Con mucho orgullo les compartimos que nuestra Directora de Finanzas, Karen Pesek, fue nombrada como Mujer del Mes, por la revista Vida Social en su edici\u00f3n del mes de noviembre por su magn\u00edfica labor comunitaria!<\/p>\n","protected":false},"author":5,"featured_media":15052,"comment_status":"closed","ping_status":"closed","sticky":false,"template":"","format":"standard","meta":{"footnotes":""},"categories":[128],"tags":[],"yoast_head":"<!-- This site is optimized with the Yoast SEO plugin v23.5 - https:\/\/yoast.com\/wordpress\/plugins\/seo\/ -->\n<title>Karen Corral de Pesek, nombrada Mujer del Mes, por la revista Vida Social<\/title>\n<meta name=\"description\" content=\"Nuestra Directora de Finanzas, Karen Pesek, fue nombrada como Mujer del Mes, por la revista Vida Social en su edici\u00f3n del mes de noviembre\" \/>\n<meta name=\"robots\" content=\"index, follow, max-snippet:-1, max-image-preview:large, max-video-preview:-1\" \/>\n<link rel=\"canonical\" href=\"https:\/\/peseklaw.com\/blog\/karen-corral-de-pesek-nombrada-mujer-del-mes-por-la-revista-vida-social\/\" \/>\n<meta property=\"og:locale\" content=\"es_ES\" \/>\n<meta property=\"og:type\" content=\"article\" \/>\n<meta property=\"og:title\" content=\"Karen Corral de Pesek, nombrada Mujer del Mes, por la revista Vida Social\" \/>\n<meta property=\"og:description\" content=\"Nuestra Directora de Finanzas, Karen Pesek, fue nombrada como Mujer del Mes, por la revista Vida Social en su edici\u00f3n del mes de noviembre\" \/>\n<meta property=\"og:url\" content=\"https:\/\/peseklaw.com\/blog\/karen-corral-de-pesek-nombrada-mujer-del-mes-por-la-revista-vida-social\/\" \/>\n<meta property=\"og:site_name\" content=\"Pesek Law LLC\" \/>\n<meta property=\"article:publisher\" content=\"https:\/\/www.facebook.com\/PesekLaw\/\" \/>\n<meta property=\"article:published_time\" content=\"2022-11-29T16:15:47+00:00\" \/>\n<meta property=\"article:modified_time\" content=\"2024-02-16T17:34:14+00:00\" \/>\n<meta property=\"og:image\" content=\"https:\/\/peseklaw.com\/blog\/wp-content\/uploads\/2022\/11\/karen-corral-de-pesek-nombrada-mujer-del-mes-por-la-revista-vida-social-og.jpg\" \/>\n\t<meta property=\"og:image:width\" content=\"1200\" \/>\n\t<meta property=\"og:image:height\" content=\"630\" \/>\n\t<meta property=\"og:image:type\" content=\"image\/jpeg\" \/>\n<meta name=\"author\" content=\"Pesek Law\" \/>\n<meta name=\"twitter:card\" content=\"summary_large_image\" \/>\n<meta name=\"twitter:title\" content=\"Karen Corral de Pesek, nombrada Mujer del Mes, por la revista Vida Social\" \/>\n<meta name=\"twitter:description\" content=\"Nuestra Directora de Finanzas, Karen Pesek, fue nombrada como Mujer del Mes, por la revista Vida Social en su edici\u00f3n del mes de noviembre\" \/>\n<meta name=\"twitter:image\" content=\"https:\/\/peseklaw.com\/blog\/wp-content\/uploads\/2022\/11\/karen-corral-de-pesek-nombrada-mujer-del-mes-por-la-revista-vida-social-og.jpg\" \/>\n<meta name=\"twitter:creator\" content=\"@peseklaw\" \/>\n<meta name=\"twitter:site\" content=\"@peseklaw\" \/>\n<meta name=\"twitter:label1\" content=\"Escrito por\" \/>\n\t<meta name=\"twitter:data1\" content=\"Pesek Law\" \/>\n\t<meta name=\"twitter:label2\" content=\"Tiempo de lectura\" \/>\n\t<meta name=\"twitter:data2\" content=\"1 minuto\" \/>\n<script type=\"application\/ld+json\" class=\"yoast-schema-graph\">{\"@context\":\"https:\/\/schema.org\",\"@graph\":[{\"@type\":\"WebPage\",\"@id\":\"https:\/\/peseklaw.com\/blog\/karen-corral-de-pesek-nombrada-mujer-del-mes-por-la-revista-vida-social\/\",\"url\":\"https:\/\/peseklaw.com\/blog\/karen-corral-de-pesek-nombrada-mujer-del-mes-por-la-revista-vida-social\/\",\"name\":\"Karen Corral de Pesek, nombrada Mujer del Mes, por la revista Vida Social\",\"isPartOf\":{\"@id\":\"https:\/\/peseklaw.com\/blog\/#website\"},\"primaryImageOfPage\":{\"@id\":\"https:\/\/peseklaw.com\/blog\/karen-corral-de-pesek-nombrada-mujer-del-mes-por-la-revista-vida-social\/#primaryimage\"},\"image\":{\"@id\":\"https:\/\/peseklaw.com\/blog\/karen-corral-de-pesek-nombrada-mujer-del-mes-por-la-revista-vida-social\/#primaryimage\"},\"thumbnailUrl\":\"https:\/\/peseklaw.com\/blog\/wp-content\/uploads\/2022\/11\/karen-corral-de-pesek-nombrada-mujer-del-mes-por-la-revista-vida-social-blog-min.jpg\",\"datePublished\":\"2022-11-29T16:15:47+00:00\",\"dateModified\":\"2024-02-16T17:34:14+00:00\",\"author\":{\"@id\":\"https:\/\/peseklaw.com\/blog\/#\/schema\/person\/92efa64845aa79570095ea9502dc7478\"},\"description\":\"Nuestra Directora de Finanzas, Karen Pesek, fue nombrada como Mujer del Mes, por la revista Vida Social en su edici\u00f3n del mes de noviembre\",\"breadcrumb\":{\"@id\":\"https:\/\/peseklaw.com\/blog\/karen-corral-de-pesek-nombrada-mujer-del-mes-por-la-revista-vida-social\/#breadcrumb\"},\"inLanguage\":\"es\",\"potentialAction\":[{\"@type\":\"ReadAction\",\"target\":[\"https:\/\/peseklaw.com\/blog\/karen-corral-de-pesek-nombrada-mujer-del-mes-por-la-revista-vida-social\/\"]}]},{\"@type\":\"ImageObject\",\"inLanguage\":\"es\",\"@id\":\"https:\/\/peseklaw.com\/blog\/karen-corral-de-pesek-nombrada-mujer-del-mes-por-la-revista-vida-social\/#primaryimage\",\"url\":\"https:\/\/peseklaw.com\/blog\/wp-content\/uploads\/2022\/11\/karen-corral-de-pesek-nombrada-mujer-del-mes-por-la-revista-vida-social-blog-min.jpg\",\"contentUrl\":\"https:\/\/peseklaw.com\/blog\/wp-content\/uploads\/2022\/11\/karen-corral-de-pesek-nombrada-mujer-del-mes-por-la-revista-vida-social-blog-min.jpg\",\"width\":800,\"height\":600,\"caption\":\"Karen Corral de Pesek, nombrada Mujer del Mes, por la revista Vida Social\"},{\"@type\":\"BreadcrumbList\",\"@id\":\"https:\/\/peseklaw.com\/blog\/karen-corral-de-pesek-nombrada-mujer-del-mes-por-la-revista-vida-social\/#breadcrumb\",\"itemListElement\":[{\"@type\":\"ListItem\",\"position\":1,\"name\":\"Portada\",\"item\":\"https:\/\/peseklaw.com\/blog\/\"},{\"@type\":\"ListItem\",\"position\":2,\"name\":\"Karen Corral de Pesek, nombrada Mujer del Mes, por la revista Vida Social\"}]},{\"@type\":\"WebSite\",\"@id\":\"https:\/\/peseklaw.com\/blog\/#website\",\"url\":\"https:\/\/peseklaw.com\/blog\/\",\"name\":\"Pesek Law LLC\",\"description\":\"Abogados de accidentes en Omaha, Nebraska y Iowa\",\"potentialAction\":[{\"@type\":\"SearchAction\",\"target\":{\"@type\":\"EntryPoint\",\"urlTemplate\":\"https:\/\/peseklaw.com\/blog\/?s={search_term_string}\"},\"query-input\":{\"@type\":\"PropertyValueSpecification\",\"valueRequired\":true,\"valueName\":\"search_term_string\"}}],\"inLanguage\":\"es\"},{\"@type\":\"Person\",\"@id\":\"https:\/\/peseklaw.com\/blog\/#\/schema\/person\/92efa64845aa79570095ea9502dc7478\",\"name\":\"Pesek Law\",\"image\":{\"@type\":\"ImageObject\",\"inLanguage\":\"es\",\"@id\":\"https:\/\/peseklaw.com\/blog\/#\/schema\/person\/image\/\",\"url\":\"https:\/\/secure.gravatar.com\/avatar\/7e768046e3fe757329f831099b217cef?s=96&d=mm&r=g\",\"contentUrl\":\"https:\/\/secure.gravatar.com\/avatar\/7e768046e3fe757329f831099b217cef?s=96&d=mm&r=g\",\"caption\":\"Pesek Law\"}}]}<\/script>\n<!-- \/ Yoast SEO plugin. -->","yoast_head_json":{"title":"Karen Corral de Pesek, nombrada Mujer del Mes, por la revista Vida Social","description":"Nuestra Directora de Finanzas, Karen Pesek, fue nombrada como Mujer del Mes, por la revista Vida Social en su edici\u00f3n del mes de noviembre","robots":{"index":"index","follow":"follow","max-snippet":"max-snippet:-1","max-image-preview":"max-image-preview:large","max-video-preview":"max-video-preview:-1"},"canonical":"https:\/\/peseklaw.com\/blog\/karen-corral-de-pesek-nombrada-mujer-del-mes-por-la-revista-vida-social\/","og_locale":"es_ES","og_type":"article","og_title":"Karen Corral de Pesek, nombrada Mujer del Mes, por la revista Vida Social","og_description":"Nuestra Directora de Finanzas, Karen Pesek, fue nombrada como Mujer del Mes, por la revista Vida Social en su edici\u00f3n del mes de noviembre","og_url":"https:\/\/peseklaw.com\/blog\/karen-corral-de-pesek-nombrada-mujer-del-mes-por-la-revista-vida-social\/","og_site_name":"Pesek Law LLC","article_publisher":"https:\/\/www.facebook.com\/PesekLaw\/","article_published_time":"2022-11-29T16:15:47+00:00","article_modified_time":"2024-02-16T17:34:14+00:00","og_image":[{"width":1200,"height":630,"url":"https:\/\/peseklaw.com\/blog\/wp-content\/uploads\/2022\/11\/karen-corral-de-pesek-nombrada-mujer-del-mes-por-la-revista-vida-social-og.jpg","type":"image\/jpeg"}],"author":"Pesek Law","twitter_card":"summary_large_image","twitter_title":"Karen Corral de Pesek, nombrada Mujer del Mes, por la revista Vida Social","twitter_description":"Nuestra Directora de Finanzas, Karen Pesek, fue nombrada como Mujer del Mes, por la revista Vida Social en su edici\u00f3n del mes de noviembre","twitter_image":"https:\/\/peseklaw.com\/blog\/wp-content\/uploads\/2022\/11\/karen-corral-de-pesek-nombrada-mujer-del-mes-por-la-revista-vida-social-og.jpg","twitter_creator":"@peseklaw","twitter_site":"@peseklaw","twitter_misc":{"Escrito por":"Pesek Law","Tiempo de lectura":"1 minuto"},"schema":{"@context":"https:\/\/schema.org","@graph":[{"@type":"WebPage","@id":"https:\/\/peseklaw.com\/blog\/karen-corral-de-pesek-nombrada-mujer-del-mes-por-la-revista-vida-social\/","url":"https:\/\/peseklaw.com\/blog\/karen-corral-de-pesek-nombrada-mujer-del-mes-por-la-revista-vida-social\/","name":"Karen Corral de Pesek, nombrada Mujer del Mes, por la revista Vida Social","isPartOf":{"@id":"https:\/\/peseklaw.com\/blog\/#website"},"primaryImageOfPage":{"@id":"https:\/\/peseklaw.com\/blog\/karen-corral-de-pesek-nombrada-mujer-del-mes-por-la-revista-vida-social\/#primaryimage"},"image":{"@id":"https:\/\/peseklaw.com\/blog\/karen-corral-de-pesek-nombrada-mujer-del-mes-por-la-revista-vida-social\/#primaryimage"},"thumbnailUrl":"https:\/\/peseklaw.com\/blog\/wp-content\/uploads\/2022\/11\/karen-corral-de-pesek-nombrada-mujer-del-mes-por-la-revista-vida-social-blog-min.jpg","datePublished":"2022-11-29T16:15:47+00:00","dateModified":"2024-02-16T17:34:14+00:00","author":{"@id":"https:\/\/peseklaw.com\/blog\/#\/schema\/person\/92efa64845aa79570095ea9502dc7478"},"description":"Nuestra Directora de Finanzas, Karen Pesek, fue nombrada como Mujer del Mes, por la revista Vida Social en su edici\u00f3n del mes de noviembre","breadcrumb":{"@id":"https:\/\/peseklaw.com\/blog\/karen-corral-de-pesek-nombrada-mujer-del-mes-por-la-revista-vida-social\/#breadcrumb"},"inLanguage":"es","potentialAction":[{"@type":"ReadAction","target":["https:\/\/peseklaw.com\/blog\/karen-corral-de-pesek-nombrada-mujer-del-mes-por-la-revista-vida-social\/"]}]},{"@type":"ImageObject","inLanguage":"es","@id":"https:\/\/peseklaw.com\/blog\/karen-corral-de-pesek-nombrada-mujer-del-mes-por-la-revista-vida-social\/#primaryimage","url":"https:\/\/peseklaw.com\/blog\/wp-content\/uploads\/2022\/11\/karen-corral-de-pesek-nombrada-mujer-del-mes-por-la-revista-vida-social-blog-min.jpg","contentUrl":"https:\/\/peseklaw.com\/blog\/wp-content\/uploads\/2022\/11\/karen-corral-de-pesek-nombrada-mujer-del-mes-por-la-revista-vida-social-blog-min.jpg","width":800,"height":600,"caption":"Karen Corral de Pesek, nombrada Mujer del Mes, por la revista Vida Social"},{"@type":"BreadcrumbList","@id":"https:\/\/peseklaw.com\/blog\/karen-corral-de-pesek-nombrada-mujer-del-mes-por-la-revista-vida-social\/#breadcrumb","itemListElement":[{"@type":"ListItem","position":1,"name":"Portada","item":"https:\/\/peseklaw.com\/blog\/"},{"@type":"ListItem","position":2,"name":"Karen Corral de Pesek, nombrada Mujer del Mes, por la revista Vida Social"}]},{"@type":"WebSite","@id":"https:\/\/peseklaw.com\/blog\/#website","url":"https:\/\/peseklaw.com\/blog\/","name":"Pesek Law LLC","description":"Abogados de accidentes en Omaha, Nebraska y Iowa","potentialAction":[{"@type":"SearchAction","target":{"@type":"EntryPoint","urlTemplate":"https:\/\/peseklaw.com\/blog\/?s={search_term_string}"},"query-input":{"@type":"PropertyValueSpecification","valueRequired":true,"valueName":"search_term_string"}}],"inLanguage":"es"},{"@type":"Person","@id":"https:\/\/peseklaw.com\/blog\/#\/schema\/person\/92efa64845aa79570095ea9502dc7478","name":"Pesek Law","image":{"@type":"ImageObject","inLanguage":"es","@id":"https:\/\/peseklaw.com\/blog\/#\/schema\/person\/image\/","url":"https:\/\/secure.gravatar.com\/avatar\/7e768046e3fe757329f831099b217cef?s=96&d=mm&r=g","contentUrl":"https:\/\/secure.gravatar.com\/avatar\/7e768046e3fe757329f831099b217cef?s=96&d=mm&r=g","caption":"Pesek Law"}}]}},"_links":{"self":[{"href":"https:\/\/peseklaw.com\/blog\/wp-json\/wp\/v2\/posts\/15051"}],"collection":[{"href":"https:\/\/peseklaw.com\/blog\/wp-json\/wp\/v2\/posts"}],"about":[{"href":"https:\/\/peseklaw.com\/blog\/wp-json\/wp\/v2\/types\/post"}],"author":[{"embeddable":true,"href":"https:\/\/peseklaw.com\/blog\/wp-json\/wp\/v2\/users\/5"}],"replies":[{"embeddable":true,"href":"https:\/\/peseklaw.com\/blog\/wp-json\/wp\/v2\/comments?post=15051"}],"version-history":[{"count":3,"href":"https:\/\/peseklaw.com\/blog\/wp-json\/wp\/v2\/posts\/15051\/revisions"}],"predecessor-version":[{"id":15056,"href":"https:\/\/peseklaw.com\/blog\/wp-json\/wp\/v2\/posts\/15051\/revisions\/15056"}],"wp:featuredmedia":[{"embeddable":true,"href":"https:\/\/peseklaw.com\/blog\/wp-json\/wp\/v2\/media\/15052"}],"wp:attachment":[{"href":"https:\/\/peseklaw.com\/blog\/wp-json\/wp\/v2\/media?parent=15051"}],"wp:term":[{"taxonomy":"category","embeddable":true,"href":"https:\/\/peseklaw.com\/blog\/wp-json\/wp\/v2\/categories?post=15051"},{"taxonomy":"post_tag","embeddable":true,"href":"https:\/\/peseklaw.com\/blog\/wp-json\/wp\/v2\/tags?post=15051"}],"curies":[{"name":"wp","href":"https:\/\/api.w.org\/{rel}","templated":true}]}}