{"id":15137,"date":"2023-05-23T20:01:45","date_gmt":"2023-05-23T20:01:45","guid":{"rendered":"https:\/\/peseklaw.com\/blog\/?p=15137"},"modified":"2024-07-31T20:26:21","modified_gmt":"2024-07-31T20:26:21","slug":"la-asociacion-de-abogados-del-estado-de-nebraska-otorga-el-premio-visionario-al-abogado-ross-pesek","status":"publish","type":"post","link":"https:\/\/peseklaw.com\/blog\/la-asociacion-de-abogados-del-estado-de-nebraska-otorga-el-premio-visionario-al-abogado-ross-pesek\/","title":{"rendered":"La Asociaci\u00f3n de Abogados del Estado de Nebraska otorga el Premio Visionario al abogado Ross Pesek"},"content":{"rendered":"<p>Nuestro equipo recientemente asisti\u00f3 a la Gala de Abogados en apoyo de <strong>la Asociaci\u00f3n de Abogados del Estado de Nebraska<\/strong>, donde el <strong>abogado Ross Pesek<\/strong> fue reconocido con el Premio Visionario 2023. <\/p>\n<p>Estamos emocionados de ser parte de una comunidad tan distinguida y orgullosos de trabajar junto a profesionales dedicados que comparten nuestra pasi\u00f3n por garantizar el acceso a la justicia para todos.<\/p>\n<p>La Fundaci\u00f3n de <strong>Abogados de Nebraska<\/strong> est\u00e1 realizando un trabajo incre\u00edblemente importante a trav\u00e9s de programas como el Proyecto de Abogados Voluntarios, el Programa de Asistencia de Abogados de Nebraska, el programa de becas de preparaci\u00f3n LSAT y la Iniciativa de Pr\u00e1ctica Rural. Estas iniciativas ayudan a brindar asistencia legal y apoyo a poblaciones marginadas, y estamos agradecidos por los esfuerzos de la fundaci\u00f3n.<\/p>\n<p>Felicitaciones a todos los galardonados de la noche pasada, y en particular a <strong>Ross Pesek<\/strong>, quien es una inspiraci\u00f3n para todos nosotros. La firma de <strong>Ross, Pesek Law<\/strong>, est\u00e1 comprometida en hacer un impacto positivo en su comunidad a trav\u00e9s de tres prioridades distintas: Cl\u00ednicas Legales Gratuitas Semanales, la Beca True Potential y el Distrito de Mejoramiento Comercial de South Omaha.<\/p>\n<p><strong>Ross<\/strong> es un abogado practicante de juicios por jurado que ha ganado m\u00faltiples veredictos por jurado para inmigrantes indocumentados y hispanohablantes en Nebraska. Ross ha sido un l\u00edder en la formaci\u00f3n de estrategias de juicio y litigios para la defensa de los derechos civiles de inmigrantes invitando a los jurados de Nebraska a dejar de lado los prejuicios y la discriminaci\u00f3n para cumplir con la promesa de igualdad ante la ley del estado de Nebraska.<\/p>\n<p>Hoy en d\u00eda, <strong>Pesek Law<\/strong>, cuenta con varios abogados biling\u00fces y un equipo completamente biling\u00fce para defender los derechos de los hispanohablantes ante los jurados, porque los derechos de los jurados son derechos civiles. <\/p>\n<p>Nos honra trabajar junto a un l\u00edder tan destacado y felicitamos a <strong>Ross<\/strong> por su merecido reconocimiento. Juntos, podemos seguir haciendo la diferencia en las vidas de aquellos a quienes representamos y en nuestras comunidades.<\/p>\n","protected":false},"excerpt":{"rendered":"<p>Nuestro equipo recientemente asisti\u00f3 a la Gala de Abogados en apoyo de la Asociaci\u00f3n de Abogados del Estado de Nebraska, donde el abogado Ross Pesek fue reconocido con el Premio Visionario 2023. Estamos emocionados de ser parte de una comunidad tan distinguida y orgullosos de trabajar junto a profesionales dedicados que comparten nuestra pasi\u00f3n por&#8230;<\/p>\n","protected":false},"author":5,"featured_media":15138,"comment_status":"closed","ping_status":"closed","sticky":false,"template":"","format":"standard","meta":{"footnotes":""},"categories":[129],"tags":[],"yoast_head":"<!-- This site is optimized with the Yoast SEO plugin v23.5 - https:\/\/yoast.com\/wordpress\/plugins\/seo\/ -->\n<title>Ross Pesek fue reconocido con el Premio Visionario 2023<\/title>\n<meta name=\"description\" content=\"La Asociaci\u00f3n de Abogados del Estado de Nebraska, donde el abogado Ross Pesek fue reconocido con el Premio Visionario 2023\" \/>\n<meta name=\"robots\" content=\"index, follow, max-snippet:-1, max-image-preview:large, max-video-preview:-1\" \/>\n<link rel=\"canonical\" href=\"https:\/\/peseklaw.com\/blog\/la-asociacion-de-abogados-del-estado-de-nebraska-otorga-el-premio-visionario-al-abogado-ross-pesek\/\" \/>\n<meta property=\"og:locale\" content=\"es_ES\" \/>\n<meta property=\"og:type\" content=\"article\" \/>\n<meta property=\"og:title\" content=\"Ross Pesek fue reconocido con el Premio Visionario 2023\" \/>\n<meta property=\"og:description\" content=\"La Asociaci\u00f3n de Abogados del Estado de Nebraska, donde el abogado Ross Pesek fue reconocido con el Premio Visionario 2023\" \/>\n<meta property=\"og:url\" content=\"https:\/\/peseklaw.com\/blog\/la-asociacion-de-abogados-del-estado-de-nebraska-otorga-el-premio-visionario-al-abogado-ross-pesek\/\" \/>\n<meta property=\"og:site_name\" content=\"Pesek Law LLC\" \/>\n<meta property=\"article:publisher\" content=\"https:\/\/www.facebook.com\/PesekLaw\/\" \/>\n<meta property=\"article:published_time\" content=\"2023-05-23T20:01:45+00:00\" \/>\n<meta property=\"article:modified_time\" content=\"2024-07-31T20:26:21+00:00\" \/>\n<meta property=\"og:image\" content=\"https:\/\/peseklaw.com\/blog\/wp-content\/uploads\/2023\/05\/premio-visionario-al-abogado-ross-pesek-og.jpg\" \/>\n\t<meta property=\"og:image:width\" content=\"1200\" \/>\n\t<meta property=\"og:image:height\" content=\"630\" \/>\n\t<meta property=\"og:image:type\" content=\"image\/jpeg\" \/>\n<meta name=\"author\" content=\"Pesek Law\" \/>\n<meta name=\"twitter:card\" content=\"summary_large_image\" \/>\n<meta name=\"twitter:title\" content=\"Ross Pesek fue reconocido con el Premio Visionario 2023\" \/>\n<meta name=\"twitter:description\" content=\"La Asociaci\u00f3n de Abogados del Estado de Nebraska, donde el abogado Ross Pesek fue reconocido con el Premio Visionario 2023\" \/>\n<meta name=\"twitter:image\" content=\"https:\/\/peseklaw.com\/blog\/wp-content\/uploads\/2023\/05\/premio-visionario-al-abogado-ross-pesek-og.jpg\" \/>\n<meta name=\"twitter:creator\" content=\"@peseklaw\" \/>\n<meta name=\"twitter:site\" content=\"@peseklaw\" \/>\n<meta name=\"twitter:label1\" content=\"Escrito por\" \/>\n\t<meta name=\"twitter:data1\" content=\"Pesek Law\" \/>\n\t<meta name=\"twitter:label2\" content=\"Tiempo de lectura\" \/>\n\t<meta name=\"twitter:data2\" content=\"2 minutos\" \/>\n<script type=\"application\/ld+json\" class=\"yoast-schema-graph\">{\"@context\":\"https:\/\/schema.org\",\"@graph\":[{\"@type\":\"WebPage\",\"@id\":\"https:\/\/peseklaw.com\/blog\/la-asociacion-de-abogados-del-estado-de-nebraska-otorga-el-premio-visionario-al-abogado-ross-pesek\/\",\"url\":\"https:\/\/peseklaw.com\/blog\/la-asociacion-de-abogados-del-estado-de-nebraska-otorga-el-premio-visionario-al-abogado-ross-pesek\/\",\"name\":\"Ross Pesek fue reconocido con el Premio Visionario 2023\",\"isPartOf\":{\"@id\":\"https:\/\/peseklaw.com\/blog\/#website\"},\"primaryImageOfPage\":{\"@id\":\"https:\/\/peseklaw.com\/blog\/la-asociacion-de-abogados-del-estado-de-nebraska-otorga-el-premio-visionario-al-abogado-ross-pesek\/#primaryimage\"},\"image\":{\"@id\":\"https:\/\/peseklaw.com\/blog\/la-asociacion-de-abogados-del-estado-de-nebraska-otorga-el-premio-visionario-al-abogado-ross-pesek\/#primaryimage\"},\"thumbnailUrl\":\"https:\/\/peseklaw.com\/blog\/wp-content\/uploads\/2023\/05\/premio-visionario-al-abogado-ross-pesek-blog-min.jpg\",\"datePublished\":\"2023-05-23T20:01:45+00:00\",\"dateModified\":\"2024-07-31T20:26:21+00:00\",\"author\":{\"@id\":\"https:\/\/peseklaw.com\/blog\/#\/schema\/person\/92efa64845aa79570095ea9502dc7478\"},\"description\":\"La Asociaci\u00f3n de Abogados del Estado de Nebraska, donde el abogado Ross Pesek fue reconocido con el Premio Visionario 2023\",\"breadcrumb\":{\"@id\":\"https:\/\/peseklaw.com\/blog\/la-asociacion-de-abogados-del-estado-de-nebraska-otorga-el-premio-visionario-al-abogado-ross-pesek\/#breadcrumb\"},\"inLanguage\":\"es\",\"potentialAction\":[{\"@type\":\"ReadAction\",\"target\":[\"https:\/\/peseklaw.com\/blog\/la-asociacion-de-abogados-del-estado-de-nebraska-otorga-el-premio-visionario-al-abogado-ross-pesek\/\"]}]},{\"@type\":\"ImageObject\",\"inLanguage\":\"es\",\"@id\":\"https:\/\/peseklaw.com\/blog\/la-asociacion-de-abogados-del-estado-de-nebraska-otorga-el-premio-visionario-al-abogado-ross-pesek\/#primaryimage\",\"url\":\"https:\/\/peseklaw.com\/blog\/wp-content\/uploads\/2023\/05\/premio-visionario-al-abogado-ross-pesek-blog-min.jpg\",\"contentUrl\":\"https:\/\/peseklaw.com\/blog\/wp-content\/uploads\/2023\/05\/premio-visionario-al-abogado-ross-pesek-blog-min.jpg\",\"width\":800,\"height\":600,\"caption\":\"La Asociaci\u00f3n de Abogados del Estado de Nebraska otorga el Premio Visionario al abogado Ross Pesek\"},{\"@type\":\"BreadcrumbList\",\"@id\":\"https:\/\/peseklaw.com\/blog\/la-asociacion-de-abogados-del-estado-de-nebraska-otorga-el-premio-visionario-al-abogado-ross-pesek\/#breadcrumb\",\"itemListElement\":[{\"@type\":\"ListItem\",\"position\":1,\"name\":\"Portada\",\"item\":\"https:\/\/peseklaw.com\/blog\/\"},{\"@type\":\"ListItem\",\"position\":2,\"name\":\"La Asociaci\u00f3n de Abogados del Estado de Nebraska otorga el Premio Visionario al abogado Ross Pesek\"}]},{\"@type\":\"WebSite\",\"@id\":\"https:\/\/peseklaw.com\/blog\/#website\",\"url\":\"https:\/\/peseklaw.com\/blog\/\",\"name\":\"Pesek Law LLC\",\"description\":\"Abogados de accidentes en Omaha, Nebraska y Iowa\",\"potentialAction\":[{\"@type\":\"SearchAction\",\"target\":{\"@type\":\"EntryPoint\",\"urlTemplate\":\"https:\/\/peseklaw.com\/blog\/?s={search_term_string}\"},\"query-input\":{\"@type\":\"PropertyValueSpecification\",\"valueRequired\":true,\"valueName\":\"search_term_string\"}}],\"inLanguage\":\"es\"},{\"@type\":\"Person\",\"@id\":\"https:\/\/peseklaw.com\/blog\/#\/schema\/person\/92efa64845aa79570095ea9502dc7478\",\"name\":\"Pesek Law\",\"image\":{\"@type\":\"ImageObject\",\"inLanguage\":\"es\",\"@id\":\"https:\/\/peseklaw.com\/blog\/#\/schema\/person\/image\/\",\"url\":\"https:\/\/secure.gravatar.com\/avatar\/7e768046e3fe757329f831099b217cef?s=96&d=mm&r=g\",\"contentUrl\":\"https:\/\/secure.gravatar.com\/avatar\/7e768046e3fe757329f831099b217cef?s=96&d=mm&r=g\",\"caption\":\"Pesek Law\"}}]}<\/script>\n<!-- \/ Yoast SEO plugin. -->","yoast_head_json":{"title":"Ross Pesek fue reconocido con el Premio Visionario 2023","description":"La Asociaci\u00f3n de Abogados del Estado de Nebraska, donde el abogado Ross Pesek fue reconocido con el Premio Visionario 2023","robots":{"index":"index","follow":"follow","max-snippet":"max-snippet:-1","max-image-preview":"max-image-preview:large","max-video-preview":"max-video-preview:-1"},"canonical":"https:\/\/peseklaw.com\/blog\/la-asociacion-de-abogados-del-estado-de-nebraska-otorga-el-premio-visionario-al-abogado-ross-pesek\/","og_locale":"es_ES","og_type":"article","og_title":"Ross Pesek fue reconocido con el Premio Visionario 2023","og_description":"La Asociaci\u00f3n de Abogados del Estado de Nebraska, donde el abogado Ross Pesek fue reconocido con el Premio Visionario 2023","og_url":"https:\/\/peseklaw.com\/blog\/la-asociacion-de-abogados-del-estado-de-nebraska-otorga-el-premio-visionario-al-abogado-ross-pesek\/","og_site_name":"Pesek Law LLC","article_publisher":"https:\/\/www.facebook.com\/PesekLaw\/","article_published_time":"2023-05-23T20:01:45+00:00","article_modified_time":"2024-07-31T20:26:21+00:00","og_image":[{"width":1200,"height":630,"url":"https:\/\/peseklaw.com\/blog\/wp-content\/uploads\/2023\/05\/premio-visionario-al-abogado-ross-pesek-og.jpg","type":"image\/jpeg"}],"author":"Pesek Law","twitter_card":"summary_large_image","twitter_title":"Ross Pesek fue reconocido con el Premio Visionario 2023","twitter_description":"La Asociaci\u00f3n de Abogados del Estado de Nebraska, donde el abogado Ross Pesek fue reconocido con el Premio Visionario 2023","twitter_image":"https:\/\/peseklaw.com\/blog\/wp-content\/uploads\/2023\/05\/premio-visionario-al-abogado-ross-pesek-og.jpg","twitter_creator":"@peseklaw","twitter_site":"@peseklaw","twitter_misc":{"Escrito por":"Pesek Law","Tiempo de lectura":"2 minutos"},"schema":{"@context":"https:\/\/schema.org","@graph":[{"@type":"WebPage","@id":"https:\/\/peseklaw.com\/blog\/la-asociacion-de-abogados-del-estado-de-nebraska-otorga-el-premio-visionario-al-abogado-ross-pesek\/","url":"https:\/\/peseklaw.com\/blog\/la-asociacion-de-abogados-del-estado-de-nebraska-otorga-el-premio-visionario-al-abogado-ross-pesek\/","name":"Ross Pesek fue reconocido con el Premio Visionario 2023","isPartOf":{"@id":"https:\/\/peseklaw.com\/blog\/#website"},"primaryImageOfPage":{"@id":"https:\/\/peseklaw.com\/blog\/la-asociacion-de-abogados-del-estado-de-nebraska-otorga-el-premio-visionario-al-abogado-ross-pesek\/#primaryimage"},"image":{"@id":"https:\/\/peseklaw.com\/blog\/la-asociacion-de-abogados-del-estado-de-nebraska-otorga-el-premio-visionario-al-abogado-ross-pesek\/#primaryimage"},"thumbnailUrl":"https:\/\/peseklaw.com\/blog\/wp-content\/uploads\/2023\/05\/premio-visionario-al-abogado-ross-pesek-blog-min.jpg","datePublished":"2023-05-23T20:01:45+00:00","dateModified":"2024-07-31T20:26:21+00:00","author":{"@id":"https:\/\/peseklaw.com\/blog\/#\/schema\/person\/92efa64845aa79570095ea9502dc7478"},"description":"La Asociaci\u00f3n de Abogados del Estado de Nebraska, donde el abogado Ross Pesek fue reconocido con el Premio Visionario 2023","breadcrumb":{"@id":"https:\/\/peseklaw.com\/blog\/la-asociacion-de-abogados-del-estado-de-nebraska-otorga-el-premio-visionario-al-abogado-ross-pesek\/#breadcrumb"},"inLanguage":"es","potentialAction":[{"@type":"ReadAction","target":["https:\/\/peseklaw.com\/blog\/la-asociacion-de-abogados-del-estado-de-nebraska-otorga-el-premio-visionario-al-abogado-ross-pesek\/"]}]},{"@type":"ImageObject","inLanguage":"es","@id":"https:\/\/peseklaw.com\/blog\/la-asociacion-de-abogados-del-estado-de-nebraska-otorga-el-premio-visionario-al-abogado-ross-pesek\/#primaryimage","url":"https:\/\/peseklaw.com\/blog\/wp-content\/uploads\/2023\/05\/premio-visionario-al-abogado-ross-pesek-blog-min.jpg","contentUrl":"https:\/\/peseklaw.com\/blog\/wp-content\/uploads\/2023\/05\/premio-visionario-al-abogado-ross-pesek-blog-min.jpg","width":800,"height":600,"caption":"La Asociaci\u00f3n de Abogados del Estado de Nebraska otorga el Premio Visionario al abogado Ross Pesek"},{"@type":"BreadcrumbList","@id":"https:\/\/peseklaw.com\/blog\/la-asociacion-de-abogados-del-estado-de-nebraska-otorga-el-premio-visionario-al-abogado-ross-pesek\/#breadcrumb","itemListElement":[{"@type":"ListItem","position":1,"name":"Portada","item":"https:\/\/peseklaw.com\/blog\/"},{"@type":"ListItem","position":2,"name":"La Asociaci\u00f3n de Abogados del Estado de Nebraska otorga el Premio Visionario al abogado Ross Pesek"}]},{"@type":"WebSite","@id":"https:\/\/peseklaw.com\/blog\/#website","url":"https:\/\/peseklaw.com\/blog\/","name":"Pesek Law LLC","description":"Abogados de accidentes en Omaha, Nebraska y Iowa","potentialAction":[{"@type":"SearchAction","target":{"@type":"EntryPoint","urlTemplate":"https:\/\/peseklaw.com\/blog\/?s={search_term_string}"},"query-input":{"@type":"PropertyValueSpecification","valueRequired":true,"valueName":"search_term_string"}}],"inLanguage":"es"},{"@type":"Person","@id":"https:\/\/peseklaw.com\/blog\/#\/schema\/person\/92efa64845aa79570095ea9502dc7478","name":"Pesek Law","image":{"@type":"ImageObject","inLanguage":"es","@id":"https:\/\/peseklaw.com\/blog\/#\/schema\/person\/image\/","url":"https:\/\/secure.gravatar.com\/avatar\/7e768046e3fe757329f831099b217cef?s=96&d=mm&r=g","contentUrl":"https:\/\/secure.gravatar.com\/avatar\/7e768046e3fe757329f831099b217cef?s=96&d=mm&r=g","caption":"Pesek Law"}}]}},"_links":{"self":[{"href":"https:\/\/peseklaw.com\/blog\/wp-json\/wp\/v2\/posts\/15137"}],"collection":[{"href":"https:\/\/peseklaw.com\/blog\/wp-json\/wp\/v2\/posts"}],"about":[{"href":"https:\/\/peseklaw.com\/blog\/wp-json\/wp\/v2\/types\/post"}],"author":[{"embeddable":true,"href":"https:\/\/peseklaw.com\/blog\/wp-json\/wp\/v2\/users\/5"}],"replies":[{"embeddable":true,"href":"https:\/\/peseklaw.com\/blog\/wp-json\/wp\/v2\/comments?post=15137"}],"version-history":[{"count":1,"href":"https:\/\/peseklaw.com\/blog\/wp-json\/wp\/v2\/posts\/15137\/revisions"}],"predecessor-version":[{"id":15140,"href":"https:\/\/peseklaw.com\/blog\/wp-json\/wp\/v2\/posts\/15137\/revisions\/15140"}],"wp:featuredmedia":[{"embeddable":true,"href":"https:\/\/peseklaw.com\/blog\/wp-json\/wp\/v2\/media\/15138"}],"wp:attachment":[{"href":"https:\/\/peseklaw.com\/blog\/wp-json\/wp\/v2\/media?parent=15137"}],"wp:term":[{"taxonomy":"category","embeddable":true,"href":"https:\/\/peseklaw.com\/blog\/wp-json\/wp\/v2\/categories?post=15137"},{"taxonomy":"post_tag","embeddable":true,"href":"https:\/\/peseklaw.com\/blog\/wp-json\/wp\/v2\/tags?post=15137"}],"curies":[{"name":"wp","href":"https:\/\/api.w.org\/{rel}","templated":true}]}}